{"id":564,"global_id":"polsca.pan.pl\/en?id=564","global_id_lineage":["polsca.pan.pl\/en?id=564"],"author":"3","status":"publish","date":"2008-03-17 00:00:00","date_utc":"2008-03-17 00:00:00","modified":"2008-03-17 00:00:00","modified_utc":"2008-03-17 00:00:00","url":"https:\/\/polsca.pan.pl\/en\/events\/micro-and-nanotechnologie-2\/","rest_url":"https:\/\/polsca.pan.pl\/en\/wp-json\/tribe\/events\/v1\/events\/564","title":"Micro and Nanotechnologies in ICT","description":"<p>Speakers:<br \/>\nMr. Francisco Ibanez Gallardo, DG INFSO,<i> Unit Microsystems, Principal Project Officer, Deputy Head of Unit<\/i><br \/>\nMs. Isabel Vergara, DG INFSO, <i>Unit Nanoelectronics, Scientific Oficer Unit Nanoelectronics<\/i><br \/>\nMr. Henri Rajbenbach, DG INFSO, <i>Unit Microsystems, Scientific \/ Technical Project Officer<\/i><br \/>\nDr in\u017c. Piotr Grabiec &#8211; <i>Institute of Electron Technology, Warsaw<\/i><br \/>\nDr hab. Per\u0142a Kacman &#8211; <i>Institute of Physics, Polish Academy of Sciences, Warsaw<\/i><br \/>\nDr. Przemys\u0142aw S\u00eakalski &#8211; <i>Technical University of L\u00f3dz<\/i><br \/>\nGuests:<br \/>\nProf. Roger De Keersmaecker, IMEC, Leuven<\/p>","excerpt":"","slug":"micro-and-nanotechnologie-2","image":false,"all_day":false,"start_date":"2008-03-17 00:00:00","start_date_details":{"year":"2008","month":"03","day":"17","hour":"00","minutes":"00","seconds":"00"},"end_date":"2008-03-17 03:00:00","end_date_details":{"year":"2008","month":"03","day":"17","hour":"03","minutes":"00","seconds":"00"},"utc_start_date":"2016-02-12 09:25:14","utc_start_date_details":{"year":"2016","month":"02","day":"12","hour":"09","minutes":"25","seconds":"14"},"utc_end_date":"2016-02-12 12:25:14","utc_end_date_details":{"year":"2016","month":"02","day":"12","hour":"12","minutes":"25","seconds":"14"},"timezone":"UTC+0","timezone_abbr":"","cost":"","cost_details":{"currency_symbol":"","currency_position":"prefix","values":[]},"website":"","show_map":false,"show_map_link":false,"hide_from_listings":false,"sticky":false,"featured":false,"categories":[{"name":"Passed Events","slug":"passed-events","term_group":0,"term_taxonomy_id":38,"taxonomy":"tribe_events_cat","description":"","parent":0,"count":155,"filter":"raw","id":38,"urls":{"self":"https:\/\/polsca.pan.pl\/en\/wp-json\/tribe\/events\/v1\/categories\/38","collection":"https:\/\/polsca.pan.pl\/en\/wp-json\/tribe\/events\/v1\/categories"}}],"tags":[],"venue":[],"organizer":[],"json_ld":{"@context":"http:\/\/schema.org","@type":"Event","name":"Micro and Nanotechnologies in ICT","description":"&lt;p&gt;Speakers: Mr. Francisco Ibanez Gallardo, DG INFSO, Unit Microsystems, Principal Project Officer, Deputy Head of Unit Ms. Isabel Vergara, DG INFSO, Unit Nanoelectronics, Scientific Oficer Unit Nanoelectronics Mr. Henri Rajbenbach, [&hellip;]&lt;\/p&gt;\\n","url":"https:\/\/polsca.pan.pl\/en\/events\/micro-and-nanotechnologie-2\/","startDate":"2008-03-17T00:00:00+00:00","endDate":"2008-03-17T03:00:00+00:00","performer":"Organization"}}