{"id":12878,"date":"2025-04-04T14:46:09","date_gmt":"2025-04-04T12:46:09","guid":{"rendered":"https:\/\/polsca.pan.pl\/en\/?p=12878"},"modified":"2025-04-06T19:55:21","modified_gmt":"2025-04-06T17:55:21","slug":"advancing-food-systems-in-europe-summary-of-the-event-and-the-materials-available-now","status":"publish","type":"post","link":"https:\/\/polsca.pan.pl\/en\/advancing-food-systems-in-europe-summary-of-the-event-and-the-materials-available-now\/","title":{"rendered":"Advancing Food Systems in Europe &#8211; summary of the event and the materials available now!"},"content":{"rendered":"\n<figure class=\"wp-block-image size-large\"><img loading=\"lazy\" width=\"1024\" height=\"683\" src=\"https:\/\/polsca.pan.pl\/wp-content\/uploads\/AFS-1200-x-800-1024x683.png\" alt=\"\" class=\"wp-image-12727\" srcset=\"https:\/\/polsca.pan.pl\/wp-content\/uploads\/AFS-1200-x-800-1024x683.png 1024w, https:\/\/polsca.pan.pl\/wp-content\/uploads\/AFS-1200-x-800-300x200.png 300w, https:\/\/polsca.pan.pl\/wp-content\/uploads\/AFS-1200-x-800.png 1200w\" sizes=\"(max-width: 1024px) 100vw, 1024px\" \/><\/figure>\n\n\n\n<div style=\"height:19px\" aria-hidden=\"true\" class=\"wp-block-spacer\"><\/div>\n\n\n\n<p class=\"has-drop-cap has-luminous-vivid-amber-background-color has-background\">Organized under the Polish Presidency of the Council of the European Union, the event <strong><em>\u201cAdvancing Food Systems in Europe\u201d<\/em><\/strong> brought together leading figures in science, policy, and innovation to shape the future of food systems across Europe &#8211; emphasizing <strong>health, sustainability, trust, and cross-sector collaboration<\/strong>. The event exemplified how Poland\u2019s and European research is contributing to diet-centred disease prevention, sustainable agriculture, and responsible innovation across Europe. It also offered an opportunity to discuss <strong>policy priorities and directions for food research in the coming years<\/strong>, incl. Poland\u2019s contributions to FutureFoodS Partnership under Horizon Europe.<\/p>\n\n\n\n<div style=\"height:22px\" aria-hidden=\"true\" class=\"wp-block-spacer\"><\/div>\n\n\n\n<!--more-->\n\n\n\n<p>On 17 March 2025, the <em>\u201c<strong>Advancing Food Systems in Europe &#8211; research &amp; innovation for healthier, sustainable and resilient future<\/strong><\/em>\u201d event brought together leading researchers, innovators, policy-makers, and entrepreneurs in Brussels to explore the future of food in Europe. With a focus on research and innovation for healthier, more sustainable, and resilient food systems, the full-day event featured expert panels, keynote speeches, and dynamic sessions on consumer trust, technological innovation, and policy direction. Through collaborative dialogue and knowledge exchange, the gathering showcased pioneering scientific advancements and practical solutions aimed at transforming the European food landscape for the better.<\/p>\n\n\n\n<p><strong>Polish Science Contact Agency of the Polish Academy of Sciences in Brussels (PolSCA Office) <\/strong>was among proud co-organisers of the conference, along the <strong>East Poland House<\/strong> and the <strong>NCBR Office in Brussels<\/strong>.<\/p>\n\n\n\n<div style=\"height:16px\" aria-hidden=\"true\" class=\"wp-block-spacer\"><\/div>\n\n\n\n<figure class=\"wp-block-image size-large\"><img loading=\"lazy\" width=\"1024\" height=\"473\" src=\"https:\/\/polsca.pan.pl\/wp-content\/uploads\/session-1-cropped-1024x473.png\" alt=\"\" class=\"wp-image-12989\" srcset=\"https:\/\/polsca.pan.pl\/wp-content\/uploads\/session-1-cropped-1024x473.png 1024w, https:\/\/polsca.pan.pl\/wp-content\/uploads\/session-1-cropped-300x139.png 300w, https:\/\/polsca.pan.pl\/wp-content\/uploads\/session-1-cropped.png 1192w\" sizes=\"(max-width: 1024px) 100vw, 1024px\" \/><\/figure>\n\n\n\n<p class=\"has-vivid-red-color has-text-color has-medium-font-size\"><strong>Keynote: Consumer Trust as the Cornerstone<\/strong><\/p>\n\n\n\n<div style=\"height:13px\" aria-hidden=\"true\" class=\"wp-block-spacer\"><\/div>\n\n\n\n<p>The day opened with a keynote address by <strong>Prof. Klaus G. Grunert<\/strong> (Aarhus University), leader of the <strong>EIT Food Consumer Observatory<\/strong> and one of Europe\u2019s foremost experts on food consumer behaviour. His remarks struck at the heart of food innovation challenges:<\/p>\n\n\n\n<p>\u201cConsumers seek information, but they need clear information. <strong>Trust comes from transparency and simplicity.<\/strong> Our role is to guide them by making choices accessible without overwhelming them.\u201d \u2014 <em>Prof. Klaus G. Grunert<\/em><\/p>\n\n\n\n<p>His call to action set the tone for the event: scientific credibility, clear communication, and inclusivity are crucial if innovations are to earn widespread public acceptance.<\/p>\n\n\n\n<div style=\"height:12px\" aria-hidden=\"true\" class=\"wp-block-spacer\"><\/div>\n\n\n\n<p class=\"has-vivid-red-color has-text-color has-medium-font-size\"><strong>SESSION I \u2013<\/strong> <strong>From Research to Better Health<\/strong><\/p>\n\n\n\n<div style=\"height:17px\" aria-hidden=\"true\" class=\"wp-block-spacer\"><\/div>\n\n\n\n<p>Moderated by <strong>Bo\u017cena Podlaska<\/strong> (National Contact Pont at the NCBR), Session I highlighted how Polish and European researchers are tackling health through science:<\/p>\n\n\n\n<ul><li><strong>Prof. Magdalena Fr\u0105c<\/strong> (Institute of Agrophysics PAS) introduced research on the critical role of soil and plant microbiomes in supporting sustainable food production, emphasizing that healthy plants rely on complex metabolic cooperation with microbial communities. Her work demonstrates how microbial diversity acts as both a biomarker and a preventive factor against plant diseases, and how managing these microbiomes can enhance resilience to pests, pathogens, and environmental stresses\u2014paving the way for biotechnological solutions in organic and climate-adapted agriculture.<\/li><li><strong>Prof. Katarzyna Socha<\/strong> (Medical University of Bia\u0142ystok) explored the development and application of functional foods in nutritional interventions aimed at preventing and managing non-communicable diseases such as insulin resistance, type 2 diabetes, cardiovascular disorders, and psoriasis. Her research includes the creation of innovative products\u2014like antioxidant-rich foods and dietary supplements that not only enhance health but are validated through nutritional studies and clinical-style trials. She emphasized the need for collaboration with the food industry to bring these science-based, health-promoting products to broader populations.<\/li><li><strong>Prof. Carsten Carlberg<\/strong> (Institute of Animal Reproduction and Food Research PAS \/ InLife) presented epigenetic insights into vitamin D\u2019s role in healthy aging, highlighting how vitamin D functions as a molecular switch regulating over 1,000 genes, influences immune cell development, and can be used to personalize health interventions based on individual response indices. He emphasized that while genetics plays a role, lifestyle and environmental factors\u2014like nutrition\u2014are key drivers of biological aging, offering tangible pathways for preventing non-communicable diseases through conscious, science-backed choices. In his talk, he was referencing work done within the EIT Food R&amp;I community.<\/li><\/ul>\n\n\n\n<div style=\"height:23px\" aria-hidden=\"true\" class=\"wp-block-spacer\"><\/div>\n\n\n\n<p class=\"has-light-green-cyan-background-color has-background\"><strong>TAKE A NOTE:<\/strong> as the next step towards efficient R&amp;I collaboration consider joining the upcoming <strong>CARE4BIO Brokerage Event, taking place in Warsaw on 27 May 2025<\/strong>. The event is designed to support the formation of consortia for Horizon Europe\u2019s 2025 Cluster 6 calls, offering one-on-one matchmaking sessions, networking opportunities, and the chance to present project ideas. Early registration is highly encouraged, as places are limited. To learn more and secure your spot, visit: <a href=\"https:\/\/www.b2match.com\/e\/care4bio-2025\" data-type=\"URL\" data-id=\"https:\/\/www.b2match.com\/e\/care4bio-2025\" target=\"_blank\" rel=\"noreferrer noopener\"><strong>https:\/\/www.b2match.com\/e\/care4bio-2025<\/strong><\/a><\/p>\n\n\n\n<div style=\"height:12px\" aria-hidden=\"true\" class=\"wp-block-spacer\"><\/div>\n\n\n\n<figure class=\"wp-block-image size-large\"><img loading=\"lazy\" width=\"1024\" height=\"441\" src=\"https:\/\/polsca.pan.pl\/wp-content\/uploads\/session-2-cropped-1024x441.png\" alt=\"\" class=\"wp-image-12990\" srcset=\"https:\/\/polsca.pan.pl\/wp-content\/uploads\/session-2-cropped-1024x441.png 1024w, https:\/\/polsca.pan.pl\/wp-content\/uploads\/session-2-cropped-300x129.png 300w, https:\/\/polsca.pan.pl\/wp-content\/uploads\/session-2-cropped.png 1196w\" sizes=\"(max-width: 1024px) 100vw, 1024px\" \/><\/figure>\n\n\n\n<p class=\"has-vivid-red-color has-text-color has-medium-font-size\"><strong>SESSION II \u2013 &nbsp;Food-Tech and Innovation in Practice<\/strong><\/p>\n\n\n\n<div style=\"height:15px\" aria-hidden=\"true\" class=\"wp-block-spacer\"><\/div>\n\n\n\n<p>Led by <strong>Adam M. Adamek (EIT Food)<\/strong> and complemented by insights shared by <strong>Pawel Harycki (EIT Food)<\/strong> on the importance of health-focused food innovations, this session highlighted how Polish and other European startups:<\/p>\n\n\n\n<p>\u2022 <strong>PROBIOS (Poland)<\/strong> represented by <strong>Jaroslaw Turek<\/strong>: Pioneering fermentation techniques that extend food shelf life by 42%.<br>\u2022 <strong>\u017div\u00e1 Z\u00e1hrada (Slovakia)<\/strong> represented by <strong>Lucia Balak<\/strong>: Connecting 380+ farmers in a regenerative, local food network.<br>\u2022 <strong>NutriDesign Lab (Poland) <\/strong>represented by <strong>Justyna Moskwa<\/strong>: Designing personalized nutrition solutions based on medical science.<br>\u2022 <strong>Agribot AI (UK)<\/strong> represented by <strong>Chris Knight<\/strong>: Leveraging satellite tech and AI to optimize yields and reduce agricultural waste.<\/p>\n\n\n\n<p>These initiatives demonstrate the <strong>synergy of research, entrepreneurship, and sustainability in advancing food systems<\/strong>.<\/p>\n\n\n\n<div style=\"height:10px\" aria-hidden=\"true\" class=\"wp-block-spacer\"><\/div>\n\n\n\n<figure class=\"wp-block-image size-large\"><img loading=\"lazy\" width=\"1024\" height=\"464\" src=\"https:\/\/polsca.pan.pl\/wp-content\/uploads\/session-3-cropped-1024x464.png\" alt=\"\" class=\"wp-image-12991\" srcset=\"https:\/\/polsca.pan.pl\/wp-content\/uploads\/session-3-cropped-1024x464.png 1024w, https:\/\/polsca.pan.pl\/wp-content\/uploads\/session-3-cropped-300x136.png 300w, https:\/\/polsca.pan.pl\/wp-content\/uploads\/session-3-cropped.png 1186w\" sizes=\"(max-width: 1024px) 100vw, 1024px\" \/><\/figure>\n\n\n\n<p class=\"has-vivid-red-color has-text-color has-medium-font-size\"><strong>SESSION III \u2013 Rethinking Policy: Research for Real Impact<\/strong><\/p>\n\n\n\n<div style=\"height:14px\" aria-hidden=\"true\" class=\"wp-block-spacer\"><\/div>\n\n\n\n<p>Moderated by <strong>Claude Yven (FutureFoodS Partnership \/ ANR)<\/strong>, the final session was a deep dive into how European research and innovation policy must evolve to meet tomorrow\u2019s food challenges. The panel discussion featured <strong>Rosalinda Scalia<\/strong> representing <strong>the European Commission\u2019s DG Research and Innovation, Alessandro Gallina<\/strong> representing <strong>JPI Healthy Diet, Healthy Lives, Iwona Kieda<\/strong> representing <strong>FOODforce Network<\/strong> and <strong>Pawel Chmielinski<\/strong> affiliated at the <strong>Institute of Rural and Agricultural Development PAS<\/strong>.<\/p>\n\n\n\n<p><br>Drawing from a broad and engaged discussion, <strong>several<\/strong> <strong>consensus points emerged<\/strong>:<\/p>\n\n\n\n<p>\u2022 There is an urgent need for additional R&amp;I support, particularly targeting post-harvest stages of the food system.<br>\u2022 Trust remains a central issue\u2014not only in new products but in governance. Participants emphasized that research must involve citizens, producers, and policymakers through living labs and policy labs, with a specific focus on vulnerable populations often left out of innovation processes.<br>\u2022 The FutureFoodS Partnership is developing a knowledge hub of living labs to share good practices and amplify citizen engagement.<\/p>\n\n\n\n<div style=\"height:16px\" aria-hidden=\"true\" class=\"wp-block-spacer\"><\/div>\n\n\n\n<p>A forward-looking recommendation emerged: the current Horizon Europe framework, organized in separate clusters, should evolve toward a cross-cluster, co-creation model that reflects the systemic nature of food. This transformation would require empowering researchers to work beyond disciplinary boundaries, as advocated by <strong>Pawel Chmieli\u0144ski<\/strong> (Institute of Rural and Agricultural Development PAS) involved directly in initiatives like <strong>FoodPathS CSA<\/strong>.<br>In parallel, Polish institutions like the Institute of Animal Reproduction and Food Research PAS were praised for models that engage researchers with local SMEs, helping tailor research infrastructure to real-world needs as presented by <strong>Iwona Kieda <\/strong>(InLife PAS).<br>Finally, the session reaffirmed that public funding must remain the cornerstone of food and health research, as reliance on private-sector financing raises ethical concerns, particularly around vulnerable communities and public health.<\/p>\n\n\n\n<p><\/p>\n\n\n\n<p class=\"has-light-green-cyan-background-color has-background\">During the discussion Iwona Kieda (InLife PAS), the only Polish member of the <strong>FOODforce Network<\/strong>, mentioned the key messages to be included in the network\u2019s position paper for FP10 \u2013 now the document has been published and can be accessed via the link below: <a href=\"https:\/\/www.foodforcenetwork.eu\/foodforce-position-paper-fp10\/\" data-type=\"URL\" data-id=\"https:\/\/www.foodforcenetwork.eu\/foodforce-position-paper-fp10\/\" target=\"_blank\" rel=\"noreferrer noopener\"><strong>Strengthening the role of food science in FP10<\/strong><\/a>.<\/p>\n\n\n\n<div style=\"height:12px\" aria-hidden=\"true\" class=\"wp-block-spacer\"><\/div>\n\n\n\n<p class=\"has-vivid-red-color has-text-color has-medium-font-size\"><strong>Poland&#8217;s Expanding Role in EU Food Research<\/strong><\/p>\n\n\n\n<div style=\"height:15px\" aria-hidden=\"true\" class=\"wp-block-spacer\"><\/div>\n\n\n\n<p>Throughout the event, <strong>Poland\u2019s growing leadership<\/strong> was evident. From pioneering research in agri-food and nutrition to active involvement in shaping EU strategic partnerships, Polish institutions are at the forefront of a collaborative, responsible transformation of food systems.<\/p>\n\n\n\n<p>The event<strong> \u201c<em>Advancing Food Systems in Europe\u201d <\/em><\/strong><em>successfully<\/em> demonstrated how scientific evidence, ethical innovation, and citizen trust are the building blocks of future-proof food systems. As Europe enters the next research programming period, <strong>Poland\u2019s voice &#8211; as a food-producing nation &amp; research leader in the field &#8211; is both timely and essential<\/strong>.<\/p>\n\n\n\n<p>While Poland as a Member State has not yet formally joined the <strong>FutureFoodS co-funded partnership under the Horizon Europe<\/strong>, the active involvement of the Institute of Animal Reproduction and Food Research PAS (InLife) as one of the key research partners in the consortium, clearly highlights the country&#8217;s R&amp;I community readiness and scientific potential\u2014making a compelling case for Poland to take the next step and secure co-governance role in this strategic European initiative.<\/p>\n\n\n\n<p>PolSCA PAS Offices in Brussel continues to advocate for Poland to become a strategic and implementing member of the FutureFoodS Partnership, as this would consolidate the momentum, turning individual excellence into national strategic leadership\u2014unlocking funding, impact, and voice in the European food systems transformation. There are compelling reasons to believe that joining the partnership would bring <strong>strategic, scientific, economic, and societal benefits<\/strong>, especially given its status as a major food-producing country with growing R&amp;I capabilities. These are:<\/p>\n\n\n\n<ul><li>Strategic influence in shaping the EU food policy &amp; research priorities<\/li><li>Increased access to funding and collaborative projects under Horizon Europe<\/li><li>Stronger support for Polish scientists and innovators as well as research institutions<\/li><li>Accelerating regional development and innovation ecosystem growth<\/li><li>Bridging policy, science &amp; society in line with EU missions.<\/li><\/ul>\n\n\n\n<div style=\"height:13px\" aria-hidden=\"true\" class=\"wp-block-spacer\"><\/div>\n\n\n\n<p class=\"has-light-green-cyan-background-color has-background\">The summary of the event can be download <strong><a rel=\"noreferrer noopener\" href=\"https:\/\/polsca.pan.pl\/wp-content\/uploads\/AFS-summary_for-download.pdf\" data-type=\"URL\" data-id=\"https:\/\/polsca.pan.pl\/wp-content\/uploads\/AFS-summary_for-download.pdf\" target=\"_blank\">HERE<\/a><\/strong> and the slides with speakers\u2019 presentations are available for download below:<br>Prof. Klaus Grunert &#8211; <strong><a rel=\"noreferrer noopener\" href=\"https:\/\/polsca.pan.pl\/wp-content\/uploads\/Klaus-Grunert_keynote-speech_Why-trust-is-crucial.pdf\" data-type=\"URL\" data-id=\"https:\/\/polsca.pan.pl\/wp-content\/uploads\/Klaus-Grunert_keynote-speech_Why-trust-is-crucial.pdf\" target=\"_blank\">Why trust is crucial<\/a><\/strong><br>Prof. Magdalena Frac &#8211; <strong><a rel=\"noreferrer noopener\" href=\"https:\/\/polsca.pan.pl\/wp-content\/uploads\/Magdalena-Frac_Soil-and-plant-microbiomes-for-healthy-food-production.pdf\" data-type=\"URL\" data-id=\"https:\/\/polsca.pan.pl\/wp-content\/uploads\/Magdalena-Frac_Soil-and-plant-microbiomes-for-healthy-food-production.pdf\" target=\"_blank\">Soil and plant microbiomes<\/a><\/strong><br>Prof. Katarzyna Socha &#8211; <strong><a rel=\"noreferrer noopener\" href=\"https:\/\/polsca.pan.pl\/wp-content\/uploads\/Socha-Bruksela_Functional-Food-in-Nutritional-Interventions.pdf\" data-type=\"URL\" data-id=\"https:\/\/polsca.pan.pl\/wp-content\/uploads\/Socha-Bruksela_Functional-Food-in-Nutritional-Interventions.pdf\" target=\"_blank\">Functional food &amp; NCD Prevention<\/a><\/strong><br>Prof. Carsten Carlberg &#8211; <strong><a rel=\"noreferrer noopener\" href=\"https:\/\/polsca.pan.pl\/wp-content\/uploads\/Carsten-Carlberg_Epigenetic-Insights-into-Vitamin-D-Role.pdf\" data-type=\"URL\" data-id=\"https:\/\/polsca.pan.pl\/wp-content\/uploads\/Carsten-Carlberg_Epigenetic-Insights-into-Vitamin-D-Role.pdf\" target=\"_blank\">Vitamin&#8217;s D &amp; Healthy Aging<\/a><\/strong><br>Dr Adam Adamek &#8211; <strong><a rel=\"noreferrer noopener\" href=\"https:\/\/polsca.pan.pl\/wp-content\/uploads\/Adam-Adamek_Innovation-in-Food-\u2013-Industry-Perspective.pdf\" data-type=\"URL\" data-id=\"https:\/\/polsca.pan.pl\/wp-content\/uploads\/Adam-Adamek_Innovation-in-Food-\u2013-Industry-Perspective.pdf\" target=\"_blank\">Innovations in food<\/a><\/strong><br>Pawel Harycki &#8211; <strong><a rel=\"noreferrer noopener\" href=\"https:\/\/polsca.pan.pl\/wp-content\/uploads\/Pawel-Harycki-Healthy-Life-Food.pdf\" data-type=\"URL\" data-id=\"https:\/\/polsca.pan.pl\/wp-content\/uploads\/Pawel-Harycki-Healthy-Life-Food.pdf\" target=\"_blank\">Healthier lives through food<\/a><\/strong><br>Claude Yven &#8211; <strong><a rel=\"noreferrer noopener\" href=\"https:\/\/polsca.pan.pl\/wp-content\/uploads\/Claude-Yven-FutureFoodS.pdf\" data-type=\"URL\" data-id=\"https:\/\/polsca.pan.pl\/wp-content\/uploads\/Claude-Yven-FutureFoodS.pdf\" target=\"_blank\">FutureFoodS Partnership and policy outlook<\/a><\/strong><\/p>\n\n\n\n<div style=\"height:20px\" aria-hidden=\"true\" class=\"wp-block-spacer\"><\/div>\n\n\n\n<figure class=\"wp-block-gallery has-nested-images columns-default is-cropped\">\n<figure class=\"wp-block-image size-large\"><img loading=\"lazy\" width=\"2560\" height=\"1828\" data-id=\"12868\"  src=\"https:\/\/polsca.pan.pl\/wp-content\/uploads\/TRP-opening-Advancing_Food_Systems_In_Europe_2025-2-scaled.jpg\" alt=\"\" class=\"wp-image-12868\" srcset=\"https:\/\/polsca.pan.pl\/wp-content\/uploads\/TRP-opening-Advancing_Food_Systems_In_Europe_2025-2-scaled.jpg 2560w, https:\/\/polsca.pan.pl\/wp-content\/uploads\/TRP-opening-Advancing_Food_Systems_In_Europe_2025-2-300x214.jpg 300w, https:\/\/polsca.pan.pl\/wp-content\/uploads\/TRP-opening-Advancing_Food_Systems_In_Europe_2025-2-1024x731.jpg 1024w, https:\/\/polsca.pan.pl\/wp-content\/uploads\/TRP-opening-Advancing_Food_Systems_In_Europe_2025-2-1536x1097.jpg 1536w, https:\/\/polsca.pan.pl\/wp-content\/uploads\/TRP-opening-Advancing_Food_Systems_In_Europe_2025-2-2048x1463.jpg 2048w\" sizes=\"(max-width: 2560px) 100vw, 2560px\" \/><\/figure>\n\n\n\n<figure class=\"wp-block-image size-large\"><img loading=\"lazy\" width=\"1828\" height=\"2560\" data-id=\"12869\"  src=\"https:\/\/polsca.pan.pl\/wp-content\/uploads\/Marszalek-scaled.jpg\" alt=\"\" class=\"wp-image-12869\" srcset=\"https:\/\/polsca.pan.pl\/wp-content\/uploads\/Marszalek-scaled.jpg 1828w, https:\/\/polsca.pan.pl\/wp-content\/uploads\/Marszalek-214x300.jpg 214w, https:\/\/polsca.pan.pl\/wp-content\/uploads\/Marszalek-731x1024.jpg 731w, https:\/\/polsca.pan.pl\/wp-content\/uploads\/Marszalek-1097x1536.jpg 1097w, https:\/\/polsca.pan.pl\/wp-content\/uploads\/Marszalek-1463x2048.jpg 1463w\" sizes=\"(max-width: 1828px) 100vw, 1828px\" \/><\/figure>\n\n\n\n<figure class=\"wp-block-image size-large\"><img loading=\"lazy\" width=\"2560\" height=\"1828\" data-id=\"12870\"  src=\"https:\/\/polsca.pan.pl\/wp-content\/uploads\/Dubaniowski-scaled.jpg\" alt=\"\" class=\"wp-image-12870\" srcset=\"https:\/\/polsca.pan.pl\/wp-content\/uploads\/Dubaniowski-scaled.jpg 2560w, https:\/\/polsca.pan.pl\/wp-content\/uploads\/Dubaniowski-300x214.jpg 300w, https:\/\/polsca.pan.pl\/wp-content\/uploads\/Dubaniowski-1024x731.jpg 1024w, https:\/\/polsca.pan.pl\/wp-content\/uploads\/Dubaniowski-1536x1097.jpg 1536w, https:\/\/polsca.pan.pl\/wp-content\/uploads\/Dubaniowski-2048x1463.jpg 2048w\" sizes=\"(max-width: 2560px) 100vw, 2560px\" \/><\/figure>\n\n\n\n<figure class=\"wp-block-image size-large\"><img loading=\"lazy\" width=\"2560\" height=\"1703\" data-id=\"12871\"  src=\"https:\/\/polsca.pan.pl\/wp-content\/uploads\/Bozena-scaled.jpg\" alt=\"\" class=\"wp-image-12871\" srcset=\"https:\/\/polsca.pan.pl\/wp-content\/uploads\/Bozena-scaled.jpg 2560w, https:\/\/polsca.pan.pl\/wp-content\/uploads\/Bozena-300x200.jpg 300w, https:\/\/polsca.pan.pl\/wp-content\/uploads\/Bozena-1024x681.jpg 1024w, https:\/\/polsca.pan.pl\/wp-content\/uploads\/Bozena-1536x1022.jpg 1536w, https:\/\/polsca.pan.pl\/wp-content\/uploads\/Bozena-2048x1363.jpg 2048w\" sizes=\"(max-width: 2560px) 100vw, 2560px\" \/><\/figure>\n\n\n\n<figure class=\"wp-block-image size-large\"><img loading=\"lazy\" width=\"2560\" height=\"1703\" data-id=\"12872\"  src=\"https:\/\/polsca.pan.pl\/wp-content\/uploads\/Happy-Waldemar-scaled.jpg\" alt=\"\" class=\"wp-image-12872\" srcset=\"https:\/\/polsca.pan.pl\/wp-content\/uploads\/Happy-Waldemar-scaled.jpg 2560w, https:\/\/polsca.pan.pl\/wp-content\/uploads\/Happy-Waldemar-300x200.jpg 300w, https:\/\/polsca.pan.pl\/wp-content\/uploads\/Happy-Waldemar-1024x681.jpg 1024w, https:\/\/polsca.pan.pl\/wp-content\/uploads\/Happy-Waldemar-1536x1022.jpg 1536w, https:\/\/polsca.pan.pl\/wp-content\/uploads\/Happy-Waldemar-2048x1363.jpg 2048w\" sizes=\"(max-width: 2560px) 100vw, 2560px\" \/><\/figure>\n\n\n\n<figure class=\"wp-block-image size-large\"><img loading=\"lazy\" width=\"2560\" height=\"1828\" data-id=\"12873\"  src=\"https:\/\/polsca.pan.pl\/wp-content\/uploads\/Klaus-scaled.jpg\" alt=\"\" class=\"wp-image-12873\" srcset=\"https:\/\/polsca.pan.pl\/wp-content\/uploads\/Klaus-scaled.jpg 2560w, https:\/\/polsca.pan.pl\/wp-content\/uploads\/Klaus-300x214.jpg 300w, https:\/\/polsca.pan.pl\/wp-content\/uploads\/Klaus-1024x731.jpg 1024w, https:\/\/polsca.pan.pl\/wp-content\/uploads\/Klaus-1536x1097.jpg 1536w, https:\/\/polsca.pan.pl\/wp-content\/uploads\/Klaus-2048x1463.jpg 2048w\" sizes=\"(max-width: 2560px) 100vw, 2560px\" \/><\/figure>\n\n\n\n<figure class=\"wp-block-image size-large\"><img loading=\"lazy\" width=\"2560\" height=\"1703\" data-id=\"12874\"  src=\"https:\/\/polsca.pan.pl\/wp-content\/uploads\/Magda-Frac-scaled.jpg\" alt=\"\" class=\"wp-image-12874\" srcset=\"https:\/\/polsca.pan.pl\/wp-content\/uploads\/Magda-Frac-scaled.jpg 2560w, https:\/\/polsca.pan.pl\/wp-content\/uploads\/Magda-Frac-300x200.jpg 300w, https:\/\/polsca.pan.pl\/wp-content\/uploads\/Magda-Frac-1024x681.jpg 1024w, https:\/\/polsca.pan.pl\/wp-content\/uploads\/Magda-Frac-1536x1022.jpg 1536w, https:\/\/polsca.pan.pl\/wp-content\/uploads\/Magda-Frac-2048x1363.jpg 2048w\" sizes=\"(max-width: 2560px) 100vw, 2560px\" \/><\/figure>\n\n\n\n<figure class=\"wp-block-image size-large\"><img loading=\"lazy\" width=\"2560\" height=\"1829\" data-id=\"12875\"  src=\"https:\/\/polsca.pan.pl\/wp-content\/uploads\/Carsten-scaled.jpg\" alt=\"\" class=\"wp-image-12875\" srcset=\"https:\/\/polsca.pan.pl\/wp-content\/uploads\/Carsten-scaled.jpg 2560w, https:\/\/polsca.pan.pl\/wp-content\/uploads\/Carsten-300x214.jpg 300w, https:\/\/polsca.pan.pl\/wp-content\/uploads\/Carsten-1024x731.jpg 1024w, https:\/\/polsca.pan.pl\/wp-content\/uploads\/Carsten-1536x1097.jpg 1536w, https:\/\/polsca.pan.pl\/wp-content\/uploads\/Carsten-2048x1463.jpg 2048w\" sizes=\"(max-width: 2560px) 100vw, 2560px\" \/><\/figure>\n\n\n\n<figure class=\"wp-block-image size-large\"><img loading=\"lazy\" width=\"1512\" height=\"2016\" data-id=\"12876\"  src=\"https:\/\/polsca.pan.pl\/wp-content\/uploads\/Advancing-food-systems-session-3.jpg\" alt=\"\" class=\"wp-image-12876\" srcset=\"https:\/\/polsca.pan.pl\/wp-content\/uploads\/Advancing-food-systems-session-3.jpg 1512w, https:\/\/polsca.pan.pl\/wp-content\/uploads\/Advancing-food-systems-session-3-225x300.jpg 225w, https:\/\/polsca.pan.pl\/wp-content\/uploads\/Advancing-food-systems-session-3-768x1024.jpg 768w, https:\/\/polsca.pan.pl\/wp-content\/uploads\/Advancing-food-systems-session-3-1152x1536.jpg 1152w\" sizes=\"(max-width: 1512px) 100vw, 1512px\" \/><\/figure>\n\n\n\n<figure class=\"wp-block-image size-large\"><img loading=\"lazy\" width=\"2016\" height=\"1512\" data-id=\"12877\"  src=\"https:\/\/polsca.pan.pl\/wp-content\/uploads\/Advancing-food-systems-session-3-whole-panel.jpg\" alt=\"\" class=\"wp-image-12877\" srcset=\"https:\/\/polsca.pan.pl\/wp-content\/uploads\/Advancing-food-systems-session-3-whole-panel.jpg 2016w, https:\/\/polsca.pan.pl\/wp-content\/uploads\/Advancing-food-systems-session-3-whole-panel-300x225.jpg 300w, https:\/\/polsca.pan.pl\/wp-content\/uploads\/Advancing-food-systems-session-3-whole-panel-1024x768.jpg 1024w, https:\/\/polsca.pan.pl\/wp-content\/uploads\/Advancing-food-systems-session-3-whole-panel-1536x1152.jpg 1536w\" sizes=\"(max-width: 2016px) 100vw, 2016px\" \/><\/figure>\n<\/figure>\n","protected":false},"excerpt":{"rendered":"<p>Organized under the Polish Presidency of the Council of the European Union, the event \u201cAdvancing Food Systems in Europe\u201d brought together leading figures in science, policy, and innovation to shape [&hellip;]<\/p>\n","protected":false},"author":3,"featured_media":0,"comment_status":"closed","ping_status":"closed","sticky":false,"template":"","format":"standard","meta":{"_EventAllDay":false,"_EventTimezone":"","_EventStartDate":"","_EventEndDate":"","_EventStartDateUTC":"","_EventEndDateUTC":"","_EventShowMap":false,"_EventShowMapLink":false,"_EventURL":"","_EventCost":"","_EventCostDescription":"","_EventCurrencySymbol":"","_EventCurrencyPosition":"","_EventDateTimeSeparator":"","_EventTimeRangeSeparator":"","_EventOrganizerID":[],"_EventVenueID":0,"_OrganizerEmail":"","_OrganizerPhone":"","_OrganizerWebsite":"","_VenueAddress":"","_VenueCity":"","_VenueCountry":"","_VenueProvince":"","_VenueZip":"","_VenuePhone":"","_VenueURL":"","_VenueStateProvince":"","_VenueLat":"","_VenueLng":"","_tribe_blocks_recurrence_rules":"","_tribe_blocks_recurrence_exclusions":"","_tribe_blocks_recurrence_description":"","_ecp_custom_2":"","_ecp_custom_3":"","_ecp_custom_4":"","_ecp_custom_5":"","_ecp_custom_6":"","_ecp_custom_7":""},"categories":[1],"tags":[],"_links":{"self":[{"href":"https:\/\/polsca.pan.pl\/en\/wp-json\/wp\/v2\/posts\/12878"}],"collection":[{"href":"https:\/\/polsca.pan.pl\/en\/wp-json\/wp\/v2\/posts"}],"about":[{"href":"https:\/\/polsca.pan.pl\/en\/wp-json\/wp\/v2\/types\/post"}],"author":[{"embeddable":true,"href":"https:\/\/polsca.pan.pl\/en\/wp-json\/wp\/v2\/users\/3"}],"replies":[{"embeddable":true,"href":"https:\/\/polsca.pan.pl\/en\/wp-json\/wp\/v2\/comments?post=12878"}],"version-history":[{"count":31,"href":"https:\/\/polsca.pan.pl\/en\/wp-json\/wp\/v2\/posts\/12878\/revisions"}],"predecessor-version":[{"id":12995,"href":"https:\/\/polsca.pan.pl\/en\/wp-json\/wp\/v2\/posts\/12878\/revisions\/12995"}],"wp:attachment":[{"href":"https:\/\/polsca.pan.pl\/en\/wp-json\/wp\/v2\/media?parent=12878"}],"wp:term":[{"taxonomy":"category","embeddable":true,"href":"https:\/\/polsca.pan.pl\/en\/wp-json\/wp\/v2\/categories?post=12878"},{"taxonomy":"post_tag","embeddable":true,"href":"https:\/\/polsca.pan.pl\/en\/wp-json\/wp\/v2\/tags?post=12878"}],"curies":[{"name":"wp","href":"https:\/\/api.w.org\/{rel}","templated":true}]}}