{"id":4643,"date":"2019-11-15T16:07:24","date_gmt":"2019-11-15T16:07:24","guid":{"rendered":"http:\/\/polsca.pan.pl\/en\/?p=4643"},"modified":"2020-01-06T14:49:42","modified_gmt":"2020-01-06T14:49:42","slug":"the-regained-freedom-international-film-festival-and-the-screening-of-the-polish-documentary-solidarity-according-to-woman-2","status":"publish","type":"post","link":"https:\/\/polsca.pan.pl\/en\/the-regained-freedom-international-film-festival-and-the-screening-of-the-polish-documentary-solidarity-according-to-woman-2\/","title":{"rendered":"The Regained Freedom International Film Festival and the screening of the Polish documentary \u201cSolidarity According to Woman\u201d"},"content":{"rendered":"\n<p>Polish Science Contact Agency in Brussels, Polish Institute in Brussels and Balassi Institute in Brussels are pleased to invite you for the <strong>Regained Freedom International Film Festival<\/strong> which will take place from <strong>20 to 30 November 2019<\/strong>. A film festival marks 30 years of freedom in Eastern Europe, the Baltics and the Balkans.<\/p>\n\n\n\n<!--more-->\n\n\n\n<p>The <a href=\"http:\/\/www.brusszel.balassiintezet.hu\/en\/film-fest-30\/\">programme<\/a> proposes a deep reflection on the\npast: the selection focuses on the historical moment of 89, presenting the\ncircumstances that led to, the way of life during and the events that triggered\nthe changes from the totalitarian regimes. All this from distinct perspectives,\nwith movies from eight different countries partnering in the project: Hungary,\nPoland, Estonia, Georgia, the Czech Republic, Germany, Romania and Croatia. Look\ninto the history of the region and discover through nine cinematic masterpieces\nhow the former regime shaped the life of the people. The festival will show the\npast in a different light.<\/p>\n\n\n\n<p><strong>We recommend you\nespecially the Polish documentary taking part in the Festival: \u201cSolidarity\naccording to woman\u201d (\u201cSolidarno\u015b\u0107 wed\u0142ug kobiet\u201d) by Marta Dzido and Piotr\n\u015aliwowski which will be displayed in Polish with English subtitles on Friday 22\nNovember at 7PM in the Balassi Institut, 10 Treurenberg, 1000 Brussels. <\/strong><\/p>\n\n\n\n<p>\u201cSolidarity according to women\u201d is a story about some of the brave\nPolish women whose wisdom and determination helped bring about a change of the\npolitical reality in Poland. The link between two aspects of the film is Marta\nDzido. Born in 1981, symbolic daughter of the Solidarity movement, she makes an\nattempt at locating and reinstating women who were written out of recent Polish\nhistory <\/p>\n\n\n\n<p>The screening of the film will be\naccompanied by a historical context discussion with <strong>prof. Ireneusz Krzemi\u0144ski from the University of Warsaw. <\/strong><strong><\/strong><\/p>\n\n\n\n<p>You can register here for <a href=\"https:\/\/docs.google.com\/forms\/d\/e\/1FAIpQLSefysuJwMbbCZ77rEMaOrt6qiDriijEHxwgPsTem8tIaMse-A\/viewform\">the\nopening ceremony<\/a> and for <a href=\"https:\/\/docs.google.com\/forms\/d\/e\/1FAIpQLSf1phBCZfwEeL20kUbkZuhWrgfXy5hYmlfPCBBsPdzIjl-Ntg\/viewform\">the\nscreenings<\/a>. <\/p>\n\n\n\n<ul class=\"wp-block-gallery columns-1 is-cropped\"><li class=\"blocks-gallery-item\"><figure><img loading=\"lazy\" width=\"717\" height=\"1024\" src=\"http:\/\/polsca.pan.pl\/wp-content\/uploads\/Affiche-Regained-Freedom-A2-2-717x1024.jpg\" alt=\"\" data-id=\"4634\" data-link=\"http:\/\/polsca.pan.pl\/affiche-regained-freedom-a2-3\/\" class=\"wp-image-4634\" srcset=\"https:\/\/polsca.pan.pl\/wp-content\/uploads\/Affiche-Regained-Freedom-A2-2-717x1024.jpg 717w, https:\/\/polsca.pan.pl\/wp-content\/uploads\/Affiche-Regained-Freedom-A2-2-210x300.jpg 210w\" sizes=\"(max-width: 717px) 100vw, 717px\" \/><\/figure><\/li><\/ul>\n","protected":false},"excerpt":{"rendered":"<p>Polish Science Contact Agency in Brussels, Polish Institute in Brussels and Balassi Institute in Brussels are pleased to invite you for the Regained Freedom International Film Festival which will take [&hellip;]<\/p>\n","protected":false},"author":3,"featured_media":4629,"comment_status":"closed","ping_status":"closed","sticky":false,"template":"","format":"standard","meta":{"_EventAllDay":false,"_EventTimezone":"","_EventStartDate":"","_EventEndDate":"","_EventStartDateUTC":"","_EventEndDateUTC":"","_EventShowMap":false,"_EventShowMapLink":false,"_EventURL":"","_EventCost":"","_EventCostDescription":"","_EventCurrencySymbol":"","_EventCurrencyPosition":"","_EventDateTimeSeparator":"","_EventTimeRangeSeparator":"","_EventOrganizerID":[],"_EventVenueID":0,"_OrganizerEmail":"","_OrganizerPhone":"","_OrganizerWebsite":"","_VenueAddress":"","_VenueCity":"","_VenueCountry":"","_VenueProvince":"","_VenueZip":"","_VenuePhone":"","_VenueURL":"","_VenueStateProvince":"","_VenueLat":"","_VenueLng":"","_tribe_blocks_recurrence_rules":"","_tribe_blocks_recurrence_exclusions":"","_tribe_blocks_recurrence_description":"","_ecp_custom_2":"","_ecp_custom_3":"","_ecp_custom_4":"","_ecp_custom_5":"","_ecp_custom_6":"","_ecp_custom_7":""},"categories":[1],"tags":[],"_links":{"self":[{"href":"https:\/\/polsca.pan.pl\/en\/wp-json\/wp\/v2\/posts\/4643"}],"collection":[{"href":"https:\/\/polsca.pan.pl\/en\/wp-json\/wp\/v2\/posts"}],"about":[{"href":"https:\/\/polsca.pan.pl\/en\/wp-json\/wp\/v2\/types\/post"}],"author":[{"embeddable":true,"href":"https:\/\/polsca.pan.pl\/en\/wp-json\/wp\/v2\/users\/3"}],"replies":[{"embeddable":true,"href":"https:\/\/polsca.pan.pl\/en\/wp-json\/wp\/v2\/comments?post=4643"}],"version-history":[{"count":2,"href":"https:\/\/polsca.pan.pl\/en\/wp-json\/wp\/v2\/posts\/4643\/revisions"}],"predecessor-version":[{"id":4868,"href":"https:\/\/polsca.pan.pl\/en\/wp-json\/wp\/v2\/posts\/4643\/revisions\/4868"}],"wp:featuredmedia":[{"embeddable":true,"href":"https:\/\/polsca.pan.pl\/en\/wp-json\/wp\/v2\/media\/4629"}],"wp:attachment":[{"href":"https:\/\/polsca.pan.pl\/en\/wp-json\/wp\/v2\/media?parent=4643"}],"wp:term":[{"taxonomy":"category","embeddable":true,"href":"https:\/\/polsca.pan.pl\/en\/wp-json\/wp\/v2\/categories?post=4643"},{"taxonomy":"post_tag","embeddable":true,"href":"https:\/\/polsca.pan.pl\/en\/wp-json\/wp\/v2\/tags?post=4643"}],"curies":[{"name":"wp","href":"https:\/\/api.w.org\/{rel}","templated":true}]}}