{"id":4982,"date":"2020-01-15T17:36:31","date_gmt":"2020-01-15T17:36:31","guid":{"rendered":"http:\/\/polsca.pan.pl\/en\/?p=4982"},"modified":"2020-01-15T17:36:33","modified_gmt":"2020-01-15T17:36:33","slug":"the-future-of-the-eu-a-summary-of-the-conference-in-paris","status":"publish","type":"post","link":"https:\/\/polsca.pan.pl\/en\/the-future-of-the-eu-a-summary-of-the-conference-in-paris\/","title":{"rendered":"The Future of the EU &#8211; a summary of the conference in Paris"},"content":{"rendered":"\n<p>On 10th October 2019, the conference <em><strong>&#8216;The Future of the EU, Military Cooperation and Transatlantic Relations from Polish and French perspective&#8217;<\/strong><\/em> took place at the Scientific Centre of PAS in Paris. The event was also co-organized by the following institutions: CERI Sciences Po from Paris, the Polish Science Contact Agency PolSCA in Brussels and the Polish Institute of International Affairs (PISM).<\/p>\n\n\n\n<p>The conference was opened by: dr habil. Maciej Forycki, director of the Scientific Centre of the Polish Academy of Sciences in Paris, dr S\u0142awomir D\u0119bski, director of PISM, prof. Alain Dieckhoff, director of CERI Sciences Po and dr hab. Ma\u0142gorzata Mol\u0119da-Zdziech, director of the PolSCA Office. All of them agreed on the fact that the conference is one of the of events taking place in 2019, the Polish-French Year of Science. The directors of the PAS Scientific Centres pointed out that the common conference is the result of the fruitful cooperation.<\/p>\n\n\n\n<!--more-->\n\n\n\n<p>The guests were also greeted by <strong>Mr. Tomasz M\u0142ynarski, Ambassador Extraordinary and Plenipotentiary of the Republic of Poland in the French Republic and the Principality of Monaco, who participated in the first part of the conference.<\/strong><\/p>\n\n\n\n<p><strong>The first panel was devoted to discussing the process of shaping the European landscape after the European Parliament elections (&#8220;Landscape after the European Parliament elections: convergence, differences, challenges of Polish and French European policy&#8221;)<\/strong>. The Polish side was represented by: prof. Przemys\u0142aw \u017burawski vel Grajewski, from the University of Lodz and the National Development Council from the Chancellery of the President of the Republic of Poland and prof. Ma\u0142gorzata Mol\u0119da-Zdziech. The French side &#8211; prof. Christian Lequesne, from CERI Sciences Po and moderator &#8211; prof. Jacques Rupnik, CERI Sciences Po, expert on Russia and Europe. Professor Rupnik briefly recalled the political history of European integration, highlighting the subsequent phases of EU enlargement. He reminded that 2019 is the 30th anniversary &#8211; symbolic of 1989 &#8211; of &#8220;the end of the Iron Curtain Era.&#8221; The year 1989 became the turning point for the end of the dualistic division in Europe. The 2019 EP elections re-shaped the political scene again, by increasing the impact of  the European Green Party.<\/p>\n\n\n\n<p>Professor \u017burawski vel Grajewski emphasized geopolitical aspects and threats from Russian side, underlining the need to maintain constant readiness for defense. Professor Mol\u0119da-Zdziech emphasized the role of high turnout in EP elections, which is a new quality and a sign of civic involvement. In her speech, she focused on the evolution of the image of Europe and the mutual perception of France and Poland, referring to public opinion research. She noted that the perception of Poland has changed. She reminded that when she studied in France in the 1980s, she was treated as a representative of Eastern Europe. When she cooperated with Sciences Po at the beginning of the 21st century, she was already a representative of Central and Eastern Europe. Currently, however, the French are increasingly referring to the category of Central Europe (French: m\u00e9diane). CBOS research results on the perception of France in Europe show that the role of France is decreasing. Also the image of President Macron is changing: not many respondents considered him as a statesman.<\/p>\n\n\n\n<p><strong>The second panel concerned the future in military policy (&#8220;Prospects for military cooperation: CSDP (in particular PESCO), NATO and the European Intervention Initiative (E2I)&#8221;. <\/strong>The panellists were: Dr. Hugo Meijer, Research fellow, CNRS \/ CERI Sciences Po and dr Marcin Terlikowski, head of the International Security Program at PISM. They stressed out that nation states should spend more funds on military policy, including Poland as well. The French expert emphasized the need to move away from the traditional approach to defense &#8211; technological changes have influenced the transformation of this policy and the global nature of threats.<\/p>\n\n\n\n<p><strong>The last panel entitled &#8220;The transformation of international relations&#8221; focused on changes in international relations<\/strong>. It was attended by: dr S\u0142awomir D\u0119bski (PISM) and prof. Alain Dieckhoff, from CERI, Sciences Po, and the moderator was dr hab. Agnieszka Cianciara (the Institute of Political Studies of the Polish Academy of Sciences). Professor Cianciara asked panelists for mutual assessment of the role of Poland and France in international politics, indicating its strengths and weaknesses.<\/p>\n\n\n\n<p>Zamkni\u0119cia i kr\u00f3tkiego podsumowania konferencji dokona\u0142 dr \u0141ukasz Jurczyszyn, ekspert PISM w programie Tr\u00f3jk\u0105ta Weimerskiego. Konferencja spe\u0142ni\u0142a stawiany jej cel, umo\u017cliwiaj\u0105c ekspertom oraz\u00a0akademikom z\u00a0Polski i\u00a0Francji wymian\u0119 analiz i\u00a0do\u015bwiadcze\u0144 na tematy poruszane podczas trzech paneli. Uczestnicy dyskusji panelowych przedstawili fakty oraz\u00a0zarysowali perspektywy odno\u015bnie przysz\u0142o\u015bci UE, wsp\u00f3\u0142pracy wojskowej obu pa\u0144stw, oraz\u00a0relacji Europy z\u00a0USA, kt\u00f3re ulegaj\u0105 tak\u00a0dynamicznej zmianom. <\/p>\n\n\n\n<p>The closing and short summary of the conference was done by dr \u0141ukasz Jurczyszyn, PISM expert in the Weimar Triangle program. The conference got together experts and academics from Poland and France to exchange opinions and experiences on topics raised during these three panels. Panellists presented facts and outlined prospects for the future of the EU, military cooperation of both countries, and Europe&#8217;s relations with the US, which are changing so dynamically.<\/p>\n\n\n\n<p>During lunch, the conference participants received news about the Nobel Prize in Literature for Olga Tokarczuk. This information was met with ovation. <\/p>\n\n\n\n<p>A detailed program of the event with photos can be found <a href=\"http:\/\/paris.pan.pl\/wp-content\/uploads\/2019\/09\/Program_Paris_10_10_19.pdf\">here<\/a>.<\/p>\n\n\n\n<hr class=\"wp-block-separator is-style-wide\"\/>\n\n\n\n<ul class=\"wp-block-gallery columns-3 is-cropped\"><li class=\"blocks-gallery-item\"><figure><img loading=\"lazy\" width=\"683\" height=\"1024\" src=\"http:\/\/polsca.pan.pl\/wp-content\/uploads\/IMG_3921-e1579091776840-683x1024.jpg\" alt=\"\" data-id=\"4960\" data-link=\"http:\/\/polsca.pan.pl\/przyszlosc-ue-podsumowanie-konferencji-w-paryzu\/img_3921\/\" class=\"wp-image-4960\" srcset=\"https:\/\/polsca.pan.pl\/wp-content\/uploads\/IMG_3921-e1579091776840-683x1024.jpg 683w, https:\/\/polsca.pan.pl\/wp-content\/uploads\/IMG_3921-e1579091776840-200x300.jpg 200w\" sizes=\"(max-width: 683px) 100vw, 683px\" \/><figcaption>@Stacja Naukowa w Pary\u017cu<\/figcaption><\/figure><\/li><li class=\"blocks-gallery-item\"><figure><img loading=\"lazy\" width=\"683\" height=\"1024\" src=\"http:\/\/polsca.pan.pl\/wp-content\/uploads\/IMG_3922-e1579091823980-683x1024.jpg\" alt=\"\" data-id=\"4961\" data-link=\"http:\/\/polsca.pan.pl\/przyszlosc-ue-podsumowanie-konferencji-w-paryzu\/img_3922\/\" class=\"wp-image-4961\" srcset=\"https:\/\/polsca.pan.pl\/wp-content\/uploads\/IMG_3922-e1579091823980-683x1024.jpg 683w, https:\/\/polsca.pan.pl\/wp-content\/uploads\/IMG_3922-e1579091823980-200x300.jpg 200w\" sizes=\"(max-width: 683px) 100vw, 683px\" \/><figcaption>@Stacja Naukowa w Pary\u017cu<\/figcaption><\/figure><\/li><li class=\"blocks-gallery-item\"><figure><img loading=\"lazy\" width=\"683\" height=\"1024\" src=\"http:\/\/polsca.pan.pl\/wp-content\/uploads\/IMG_3913-e1579091926553-683x1024.jpg\" alt=\"\" data-id=\"4962\" data-link=\"http:\/\/polsca.pan.pl\/przyszlosc-ue-podsumowanie-konferencji-w-paryzu\/img_3913\/\" class=\"wp-image-4962\" srcset=\"https:\/\/polsca.pan.pl\/wp-content\/uploads\/IMG_3913-e1579091926553-683x1024.jpg 683w, https:\/\/polsca.pan.pl\/wp-content\/uploads\/IMG_3913-e1579091926553-200x300.jpg 200w\" sizes=\"(max-width: 683px) 100vw, 683px\" \/><figcaption>@Stacja Naukowa w Pary\u017cu<\/figcaption><\/figure><\/li><li class=\"blocks-gallery-item\"><figure><img loading=\"lazy\" width=\"1024\" height=\"683\" src=\"http:\/\/polsca.pan.pl\/wp-content\/uploads\/IMG_3870-1024x683.jpg\" alt=\"\" data-id=\"4963\" data-link=\"http:\/\/polsca.pan.pl\/przyszlosc-ue-podsumowanie-konferencji-w-paryzu\/img_3870\/\" class=\"wp-image-4963\" srcset=\"https:\/\/polsca.pan.pl\/wp-content\/uploads\/IMG_3870-1024x683.jpg 1024w, https:\/\/polsca.pan.pl\/wp-content\/uploads\/IMG_3870-300x200.jpg 300w\" sizes=\"(max-width: 1024px) 100vw, 1024px\" \/><figcaption>@Stacja Naukowa w Pary\u017cu<\/figcaption><\/figure><\/li><li class=\"blocks-gallery-item\"><figure><img loading=\"lazy\" width=\"1024\" height=\"768\" src=\"http:\/\/polsca.pan.pl\/wp-content\/uploads\/IMG_20191010_092907-1024x768.jpg\" alt=\"\" data-id=\"4964\" data-link=\"http:\/\/polsca.pan.pl\/przyszlosc-ue-podsumowanie-konferencji-w-paryzu\/dav\/\" class=\"wp-image-4964\" srcset=\"https:\/\/polsca.pan.pl\/wp-content\/uploads\/IMG_20191010_092907-1024x768.jpg 1024w, https:\/\/polsca.pan.pl\/wp-content\/uploads\/IMG_20191010_092907-300x225.jpg 300w\" sizes=\"(max-width: 1024px) 100vw, 1024px\" \/><figcaption>@Stacja Naukowa w Pary\u017cu<\/figcaption><\/figure><\/li><li class=\"blocks-gallery-item\"><figure><img loading=\"lazy\" width=\"1024\" height=\"768\" src=\"http:\/\/polsca.pan.pl\/wp-content\/uploads\/IMG_20191010_094727-1024x768.jpg\" alt=\"\" data-id=\"4965\" data-link=\"http:\/\/polsca.pan.pl\/przyszlosc-ue-podsumowanie-konferencji-w-paryzu\/sdr\/\" class=\"wp-image-4965\" srcset=\"https:\/\/polsca.pan.pl\/wp-content\/uploads\/IMG_20191010_094727-1024x768.jpg 1024w, https:\/\/polsca.pan.pl\/wp-content\/uploads\/IMG_20191010_094727-300x225.jpg 300w\" sizes=\"(max-width: 1024px) 100vw, 1024px\" \/><figcaption>@Stacja Naukowa w Pary\u017cu<\/figcaption><\/figure><\/li><\/ul>\n\n\n\n<hr class=\"wp-block-separator is-style-wide\"\/>\n","protected":false},"excerpt":{"rendered":"<p>On 10th October 2019, the conference &#8216;The Future of the EU, Military Cooperation and Transatlantic Relations from Polish and French perspective&#8217; took place at the Scientific Centre of PAS in [&hellip;]<\/p>\n","protected":false},"author":3,"featured_media":4966,"comment_status":"closed","ping_status":"closed","sticky":false,"template":"","format":"standard","meta":{"_EventAllDay":false,"_EventTimezone":"","_EventStartDate":"","_EventEndDate":"","_EventStartDateUTC":"","_EventEndDateUTC":"","_EventShowMap":false,"_EventShowMapLink":false,"_EventURL":"","_EventCost":"","_EventCostDescription":"","_EventCurrencySymbol":"","_EventCurrencyPosition":"","_EventDateTimeSeparator":"","_EventTimeRangeSeparator":"","_EventOrganizerID":[],"_EventVenueID":0,"_OrganizerEmail":"","_OrganizerPhone":"","_OrganizerWebsite":"","_VenueAddress":"","_VenueCity":"","_VenueCountry":"","_VenueProvince":"","_VenueZip":"","_VenuePhone":"","_VenueURL":"","_VenueStateProvince":"","_VenueLat":"","_VenueLng":"","_tribe_blocks_recurrence_rules":"","_tribe_blocks_recurrence_exclusions":"","_tribe_blocks_recurrence_description":"","_ecp_custom_2":"","_ecp_custom_3":"","_ecp_custom_4":"","_ecp_custom_5":"","_ecp_custom_6":"","_ecp_custom_7":""},"categories":[1],"tags":[],"_links":{"self":[{"href":"https:\/\/polsca.pan.pl\/en\/wp-json\/wp\/v2\/posts\/4982"}],"collection":[{"href":"https:\/\/polsca.pan.pl\/en\/wp-json\/wp\/v2\/posts"}],"about":[{"href":"https:\/\/polsca.pan.pl\/en\/wp-json\/wp\/v2\/types\/post"}],"author":[{"embeddable":true,"href":"https:\/\/polsca.pan.pl\/en\/wp-json\/wp\/v2\/users\/3"}],"replies":[{"embeddable":true,"href":"https:\/\/polsca.pan.pl\/en\/wp-json\/wp\/v2\/comments?post=4982"}],"version-history":[{"count":5,"href":"https:\/\/polsca.pan.pl\/en\/wp-json\/wp\/v2\/posts\/4982\/revisions"}],"predecessor-version":[{"id":4987,"href":"https:\/\/polsca.pan.pl\/en\/wp-json\/wp\/v2\/posts\/4982\/revisions\/4987"}],"wp:featuredmedia":[{"embeddable":true,"href":"https:\/\/polsca.pan.pl\/en\/wp-json\/wp\/v2\/media\/4966"}],"wp:attachment":[{"href":"https:\/\/polsca.pan.pl\/en\/wp-json\/wp\/v2\/media?parent=4982"}],"wp:term":[{"taxonomy":"category","embeddable":true,"href":"https:\/\/polsca.pan.pl\/en\/wp-json\/wp\/v2\/categories?post=4982"},{"taxonomy":"post_tag","embeddable":true,"href":"https:\/\/polsca.pan.pl\/en\/wp-json\/wp\/v2\/tags?post=4982"}],"curies":[{"name":"wp","href":"https:\/\/api.w.org\/{rel}","templated":true}]}}