{"id":9857,"date":"2022-09-29T16:43:13","date_gmt":"2022-09-29T14:43:13","guid":{"rendered":"https:\/\/polsca.pan.pl\/en\/?p=9857"},"modified":"2022-09-29T16:43:17","modified_gmt":"2022-09-29T14:43:17","slug":"the-autumn-edition-of-v4-training-is-coming-up-again-in-brussels","status":"publish","type":"post","link":"https:\/\/polsca.pan.pl\/en\/the-autumn-edition-of-v4-training-is-coming-up-again-in-brussels\/","title":{"rendered":"The autumn edition of V4 Training is coming up &#8211; again in Brussels!"},"content":{"rendered":"\n<p class=\"has-drop-cap has-pale-cyan-blue-background-color has-background\">Already on <strong>12 October<\/strong>, the next edition of the three-day <strong>V4 Training<\/strong> will begin, which, after a break of more than two years for the online formula, will again take place stationary in Brussels. Among the 35 participants from each <strong>Visegrad Group<\/strong> country and from countries associated in the <strong>IGLO<\/strong> (Informal Group of RTD Liaison Offices), we have invited <strong>7 people from Poland<\/strong>.<\/p>\n\n\n\n<!--more-->\n\n\n\n<figure class=\"wp-block-image size-large\"><img loading=\"lazy\" width=\"1024\" height=\"576\" src=\"https:\/\/polsca.pan.pl\/wp-content\/uploads\/V4-training-October-2022-Twitter-Post-3-1024x576.png\" alt=\"\" class=\"wp-image-9858\" srcset=\"https:\/\/polsca.pan.pl\/wp-content\/uploads\/V4-training-October-2022-Twitter-Post-3-1024x576.png 1024w, https:\/\/polsca.pan.pl\/wp-content\/uploads\/V4-training-October-2022-Twitter-Post-3-300x169.png 300w, https:\/\/polsca.pan.pl\/wp-content\/uploads\/V4-training-October-2022-Twitter-Post-3-1536x864.png 1536w, https:\/\/polsca.pan.pl\/wp-content\/uploads\/V4-training-October-2022-Twitter-Post-3.png 1600w\" sizes=\"(max-width: 1024px) 100vw, 1024px\" \/><\/figure>\n\n\n\n<p><strong>V4 Training<\/strong> is a training course designed for experienced research managers<strong> working in project departments (mainly international: H2020 and Horizon Europe) at universities, scientific and research institutes in departments responsible for acquisition, manage<\/strong>ment and reporting.<\/p>\n\n\n\n<p>The event is organised in Brussels by the <strong>Polish Science Contact Agency PolSCA<\/strong> with the Czech Liaison Office for Education and Science (<strong>CZELO<\/strong>), the National Research, Development and Innovation Office in Hungary (<strong>NRDIO<\/strong>) and the Slovak Liaison Office for Research and Development (<strong>SLORD<\/strong>).<\/p>\n\n\n\n<p>During the upcoming edition, participants will expand their knowledge in the field of European research and innovation, project management and researcher support. Experts from, among others, liaison offices, the European Commission, universities in France and Belgium or the HETFA research institute will share their experiences.<\/p>\n\n\n\n<p>Below are the profiles of the <strong>seven participants from Poland<\/strong>, which we selected from among the numerous applications submitted:<\/p>\n\n\n\n<div class=\"wp-container-2 wp-block-group\"><div class=\"wp-block-group__inner-container\">\n<div class=\"wp-block-columns\">\n<div class=\"wp-block-column\" style=\"flex-basis:100%\">\n<div class=\"wp-container-1 wp-block-group\"><div class=\"wp-block-group__inner-container\">\n<figure class=\"wp-block-gallery has-nested-images columns-default is-cropped\">\n<figure class=\"wp-block-image size-large\"><img loading=\"lazy\" width=\"653\" height=\"596\" src=\"https:\/\/polsca.pan.pl\/wp-content\/uploads\/Aneta-Andrzejczyk_www-1.jpg\" alt=\"\" class=\"wp-image-9861\" srcset=\"https:\/\/polsca.pan.pl\/wp-content\/uploads\/Aneta-Andrzejczyk_www-1.jpg 653w, https:\/\/polsca.pan.pl\/wp-content\/uploads\/Aneta-Andrzejczyk_www-1-300x274.jpg 300w\" sizes=\"(max-width: 653px) 100vw, 653px\" \/><figcaption>Aneta Andrzejczyk<br>Medical University \u0141\u00f3d\u017a <\/figcaption><\/figure>\n\n\n\n<figure class=\"wp-block-image size-large\"><img loading=\"lazy\" width=\"741\" height=\"761\" src=\"https:\/\/polsca.pan.pl\/wp-content\/uploads\/Katarzyna-Chrzascik_www-3.jpg\" alt=\"\" class=\"wp-image-9867\" srcset=\"https:\/\/polsca.pan.pl\/wp-content\/uploads\/Katarzyna-Chrzascik_www-3.jpg 741w, https:\/\/polsca.pan.pl\/wp-content\/uploads\/Katarzyna-Chrzascik_www-3-292x300.jpg 292w\" sizes=\"(max-width: 741px) 100vw, 741px\" \/><figcaption>Katarzyna Chrz\u0105\u015bcik <br>Insitute of Nature Conservation PAS<\/figcaption><\/figure>\n\n\n\n<figure class=\"wp-block-image size-large\"><img loading=\"lazy\" width=\"625\" height=\"729\" src=\"https:\/\/polsca.pan.pl\/wp-content\/uploads\/Magdalena-Godowska_www-3.jpg\" alt=\"\" class=\"wp-image-9868\" srcset=\"https:\/\/polsca.pan.pl\/wp-content\/uploads\/Magdalena-Godowska_www-3.jpg 625w, https:\/\/polsca.pan.pl\/wp-content\/uploads\/Magdalena-Godowska_www-3-257x300.jpg 257w\" sizes=\"(max-width: 625px) 100vw, 625px\" \/><figcaption>Magdalena Godowska<br> Sano \u2013 Centre for Computational Personalised Medicine<\/figcaption><\/figure>\n\n\n\n<figure class=\"wp-block-image size-large\"><img loading=\"lazy\" width=\"894\" height=\"849\" src=\"https:\/\/polsca.pan.pl\/wp-content\/uploads\/Karolina-Rusiecka_www-3.jpg\" alt=\"\" class=\"wp-image-9869\" srcset=\"https:\/\/polsca.pan.pl\/wp-content\/uploads\/Karolina-Rusiecka_www-3.jpg 894w, https:\/\/polsca.pan.pl\/wp-content\/uploads\/Karolina-Rusiecka_www-3-300x285.jpg 300w\" sizes=\"(max-width: 894px) 100vw, 894px\" \/><figcaption>Karolina Rusiecka<br> Nicolaus Copernicus University in Toru\u0144<\/figcaption><\/figure>\n\n\n\n<figure class=\"wp-block-image size-large\"><img loading=\"lazy\" width=\"335\" height=\"377\" src=\"https:\/\/polsca.pan.pl\/wp-content\/uploads\/Monika-Slezak_www-4.jpg\" alt=\"\" class=\"wp-image-9870\" srcset=\"https:\/\/polsca.pan.pl\/wp-content\/uploads\/Monika-Slezak_www-4.jpg 335w, https:\/\/polsca.pan.pl\/wp-content\/uploads\/Monika-Slezak_www-4-267x300.jpg 267w\" sizes=\"(max-width: 335px) 100vw, 335px\" \/><figcaption>Monika \u015al\u0119zak \u0141ukasiewicz PORT Polish Center for Technology Development<\/figcaption><\/figure>\n\n\n\n<figure class=\"wp-block-image size-large\"><img loading=\"lazy\" width=\"447\" height=\"459\" src=\"https:\/\/polsca.pan.pl\/wp-content\/uploads\/Anna-Wieczorek_www-4.jpg\" alt=\"\" class=\"wp-image-9871\" srcset=\"https:\/\/polsca.pan.pl\/wp-content\/uploads\/Anna-Wieczorek_www-4.jpg 447w, https:\/\/polsca.pan.pl\/wp-content\/uploads\/Anna-Wieczorek_www-4-292x300.jpg 292w\" sizes=\"(max-width: 447px) 100vw, 447px\" \/><figcaption>Anna Wieczorek<br> Institute of Agrophysics PAS<\/figcaption><\/figure>\n\n\n\n<figure class=\"wp-block-image size-large\"><img loading=\"lazy\" width=\"554\" height=\"555\" src=\"https:\/\/polsca.pan.pl\/wp-content\/uploads\/Marcin-Zimny_www-3.jpg\" alt=\"\" class=\"wp-image-9872\" srcset=\"https:\/\/polsca.pan.pl\/wp-content\/uploads\/Marcin-Zimny_www-3.jpg 554w, https:\/\/polsca.pan.pl\/wp-content\/uploads\/Marcin-Zimny_www-3-300x300.jpg 300w, https:\/\/polsca.pan.pl\/wp-content\/uploads\/Marcin-Zimny_www-3-150x150.jpg 150w\" sizes=\"(max-width: 554px) 100vw, 554px\" \/><figcaption>Marcin Zimny<br> Institute of Geophysics PAS<\/figcaption><\/figure>\n\n\n\n<figure class=\"wp-block-image size-large\"><img loading=\"lazy\" width=\"1024\" height=\"683\" src=\"https:\/\/polsca.pan.pl\/wp-content\/uploads\/pusty-wwww-4-1024x683.jpg\" alt=\"\" class=\"wp-image-9873\" srcset=\"https:\/\/polsca.pan.pl\/wp-content\/uploads\/pusty-wwww-4-1024x683.jpg 1024w, https:\/\/polsca.pan.pl\/wp-content\/uploads\/pusty-wwww-4-300x200.jpg 300w, https:\/\/polsca.pan.pl\/wp-content\/uploads\/pusty-wwww-4-1536x1024.jpg 1536w, https:\/\/polsca.pan.pl\/wp-content\/uploads\/pusty-wwww-4.jpg 1560w\" sizes=\"(max-width: 1024px) 100vw, 1024px\" \/><\/figure>\n\n\n\n<figure class=\"wp-block-image size-large\"><img loading=\"lazy\" width=\"1024\" height=\"683\" src=\"https:\/\/polsca.pan.pl\/wp-content\/uploads\/pusty-wwww-5-1024x683.jpg\" alt=\"\" class=\"wp-image-9874\" srcset=\"https:\/\/polsca.pan.pl\/wp-content\/uploads\/pusty-wwww-5-1024x683.jpg 1024w, https:\/\/polsca.pan.pl\/wp-content\/uploads\/pusty-wwww-5-300x200.jpg 300w, https:\/\/polsca.pan.pl\/wp-content\/uploads\/pusty-wwww-5-1536x1024.jpg 1536w, https:\/\/polsca.pan.pl\/wp-content\/uploads\/pusty-wwww-5.jpg 1560w\" sizes=\"(max-width: 1024px) 100vw, 1024px\" \/><\/figure>\n<\/figure>\n<\/div><\/div>\n<\/div>\n<\/div>\n<\/div><\/div>\n","protected":false},"excerpt":{"rendered":"<p>Already on 12 October, the next edition of the three-day V4 Training will begin, which, after a break of more than two years for the online formula, will again take [&hellip;]<\/p>\n","protected":false},"author":3,"featured_media":0,"comment_status":"closed","ping_status":"closed","sticky":false,"template":"","format":"standard","meta":{"_EventAllDay":false,"_EventTimezone":"","_EventStartDate":"","_EventEndDate":"","_EventStartDateUTC":"","_EventEndDateUTC":"","_EventShowMap":false,"_EventShowMapLink":false,"_EventURL":"","_EventCost":"","_EventCostDescription":"","_EventCurrencySymbol":"","_EventCurrencyPosition":"","_EventDateTimeSeparator":"","_EventTimeRangeSeparator":"","_EventOrganizerID":[],"_EventVenueID":0,"_OrganizerEmail":"","_OrganizerPhone":"","_OrganizerWebsite":"","_VenueAddress":"","_VenueCity":"","_VenueCountry":"","_VenueProvince":"","_VenueZip":"","_VenuePhone":"","_VenueURL":"","_VenueStateProvince":"","_VenueLat":"","_VenueLng":"","_tribe_blocks_recurrence_rules":"","_tribe_blocks_recurrence_exclusions":"","_tribe_blocks_recurrence_description":"","_ecp_custom_2":"","_ecp_custom_3":"","_ecp_custom_4":"","_ecp_custom_5":"","_ecp_custom_6":"","_ecp_custom_7":""},"categories":[1],"tags":[],"_links":{"self":[{"href":"https:\/\/polsca.pan.pl\/en\/wp-json\/wp\/v2\/posts\/9857"}],"collection":[{"href":"https:\/\/polsca.pan.pl\/en\/wp-json\/wp\/v2\/posts"}],"about":[{"href":"https:\/\/polsca.pan.pl\/en\/wp-json\/wp\/v2\/types\/post"}],"author":[{"embeddable":true,"href":"https:\/\/polsca.pan.pl\/en\/wp-json\/wp\/v2\/users\/3"}],"replies":[{"embeddable":true,"href":"https:\/\/polsca.pan.pl\/en\/wp-json\/wp\/v2\/comments?post=9857"}],"version-history":[{"count":1,"href":"https:\/\/polsca.pan.pl\/en\/wp-json\/wp\/v2\/posts\/9857\/revisions"}],"predecessor-version":[{"id":9875,"href":"https:\/\/polsca.pan.pl\/en\/wp-json\/wp\/v2\/posts\/9857\/revisions\/9875"}],"wp:attachment":[{"href":"https:\/\/polsca.pan.pl\/en\/wp-json\/wp\/v2\/media?parent=9857"}],"wp:term":[{"taxonomy":"category","embeddable":true,"href":"https:\/\/polsca.pan.pl\/en\/wp-json\/wp\/v2\/categories?post=9857"},{"taxonomy":"post_tag","embeddable":true,"href":"https:\/\/polsca.pan.pl\/en\/wp-json\/wp\/v2\/tags?post=9857"}],"curies":[{"name":"wp","href":"https:\/\/api.w.org\/{rel}","templated":true}]}}